{"id":2099,"date":"2018-06-27T21:31:27","date_gmt":"2018-06-27T19:31:27","guid":{"rendered":"http:\/\/slivoni.cz\/wordpress\/?p=2099"},"modified":"2018-07-11T15:00:02","modified_gmt":"2018-07-11T13:00:02","slug":"dovolena-italie-2018-zajimave-mista-gargana","status":"publish","type":"post","link":"http:\/\/slivoni.cz\/wordpress\/2018\/06\/27\/dovolena-italie-2018-zajimave-mista-gargana\/","title":{"rendered":"Dovolen\u00e1 It\u00e1lie 2018 &#8211; zaj\u00edmav\u00e1 m\u00edsta Garg\u00e1na"},"content":{"rendered":"<h5><strong>Monte Sant\u00b4Angelo<\/strong><\/h5>\n<p style=\"text-align: justify;\">M\u011bste\u010dko Monte Sant\u00b4Angelo (v p\u0159ekladu \u201eAnd\u011blsk\u00e1 hora\u201c) se 14 tis\u00edci obyvateli se nach\u00e1z\u00ed ve v\u00fd\u0161ce t\u00e9m\u011b\u0159 800 metr\u016f nad mo\u0159em na poloostrov\u011b Gargano v italsk\u00e9m region Apulie (Puglia) a je v\u00fdznamn\u00fdm poutn\u00edm m\u00edstem It\u00e1lie i cel\u00e9 k\u0159es\u0165ansk\u00e9 Evropy. Legendy z 5. stolet\u00ed vypr\u00e1v\u011bj\u00ed o t\u0159ech zjeven\u00edch archand\u011bla Michaela, jen\u017e \u00fadajn\u011b tlumo\u010dil bo\u017e\u00ed p\u0159\u00edkaz, aby se jeskyn\u011b, v n\u00ed\u017e se nach\u00e1zela svatyn\u011b kultu boha Mithry, p\u0159em\u011bnila na k\u0159es\u0165ansk\u00fd chr\u00e1m. Ji\u017e v roce 493 zde byl \u00fadajn\u011b vysv\u011bcen prvn\u00ed kostel archand\u011bla Michaela, ov\u0161em spolehliv\u00e9 prameny hovo\u0159\u00ed o z\u0159\u00edzen\u00ed svatost\u00e1nku a\u017e v 6. stolet\u00ed. Ten se pak stal langobardskou svatyn\u00ed.<\/p>\n<p><a href=\"http:\/\/slivoni.cz\/wordpress\/2018\/06\/27\/dovolena-italie-2018-zajimave-mista-gargana\/monte-santangelo1\/\" rel=\"attachment wp-att-2100\"><img fetchpriority=\"high\" decoding=\"async\" src=\"http:\/\/slivoni.cz\/wordpress\/wp-content\/uploads\/2018\/06\/Monte-Sant\u00b4Angelo1-1024x529.jpg\" alt=\"\" class=\"aligncenter size-large wp-image-2100\" width=\"750\" height=\"387\" srcset=\"http:\/\/slivoni.cz\/wordpress\/wp-content\/uploads\/2018\/06\/Monte-Sant\u00b4Angelo1-1024x529.jpg 1024w, http:\/\/slivoni.cz\/wordpress\/wp-content\/uploads\/2018\/06\/Monte-Sant\u00b4Angelo1-300x155.jpg 300w, http:\/\/slivoni.cz\/wordpress\/wp-content\/uploads\/2018\/06\/Monte-Sant\u00b4Angelo1-768x396.jpg 768w, http:\/\/slivoni.cz\/wordpress\/wp-content\/uploads\/2018\/06\/Monte-Sant\u00b4Angelo1.jpg 1600w\" sizes=\"(max-width: 750px) 100vw, 750px\" \/><\/a><\/p>\n<p style=\"text-align: justify;\">Od t\u00e9 doby miliony v\u011b\u0159\u00edc\u00edch putuj\u00ed po stezce zvan\u00e9 <strong>Via Sacra<\/strong> ke <strong>skaln\u00ed jeskyni<\/strong> s \u00fadajn\u00fdm otiskem nohy archand\u011bla. Dne\u0161n\u00ed poutn\u00edci to maj\u00ed mnohem snaz\u0161\u00ed \u2013 p\u0159\u00edmo k nejstar\u0161\u00ed svatyni k\u0159es\u0165ansk\u00e9ho Z\u00e1padu vede silnice s p\u0159ekr\u00e1sn\u00fdm v\u00fdhledem. Ka\u017edoro\u010dn\u011b 8. kv\u011btna se michalsk\u00e9 slavnosti \u00fa\u010dastn\u00ed tis\u00edce lid\u00ed v tradi\u010dn\u00edch kroj\u00edch.<\/p>\n<h5><strong>Zaj\u00edmavosti Monte Sant\u00b4Angela<\/strong><\/h5>\n<p><strong>Castello di Monte Sant\u00b4Angela<\/strong><\/p>\n<p style=\"text-align: justify;\">Normansk\u00fd kastel Castello di Monte Sant\u00b4Angela na And\u011blsk\u00e9 ho\u0159e, opevn\u011bn\u00fd v 11. stolet\u00ed a u\u017e\u00edvan\u00fd a\u017e do renesance, je dnes pouhou dekorativn\u00ed z\u0159\u00edceninou, od n\u00ed\u017e se nask\u00fdt\u00e1 p\u0159ekr\u00e1sn\u00fd v\u00fdhled.<\/p>\n<div id=\"attachment_407523\" class=\"wp-caption aligncenter\">\n<p><a href=\"http:\/\/file.mahalo.cz\/2014\/11\/Castello-di-Monte-Sant\u00b4Angela.jpg\" data-rel=\"lightbox-image-0\" data-rl_title=\"\" data-rl_caption=\"\" title=\"\"><img decoding=\"async\" class=\"size-large wp-image-407523 lazy-loaded\" src=\"http:\/\/file.mahalo.cz\/2014\/11\/Castello-di-Monte-Sant\u00b4Angela-1024x481.jpg\" data-lazy-type=\"image\" data-src=\"http:\/\/file.mahalo.cz\/2014\/11\/Castello-di-Monte-Sant\u00b4Angela-1024x481.jpg\" alt=\"Castello di Monte Sant\u00b4Angela\" srcset=\"http:\/\/file.mahalo.cz\/2014\/11\/Castello-di-Monte-Sant\u00b4Angela-800x376.jpg 800w, http:\/\/file.mahalo.cz\/2014\/11\/Castello-di-Monte-Sant\u00b4Angela-1024x481.jpg 1024w, http:\/\/file.mahalo.cz\/2014\/11\/Castello-di-Monte-Sant\u00b4Angela-770x361.jpg 770w, http:\/\/file.mahalo.cz\/2014\/11\/Castello-di-Monte-Sant\u00b4Angela.jpg 1600w\" data-srcset=\"\" sizes=\"(max-width: 980px) 100vw, 980px\" width=\"980\" height=\"460\" \/><\/a><\/p>\n<p class=\"wp-caption-text\"><a href=\"http:\/\/file.mahalo.cz\/2014\/11\/Castello-di-Monte-Sant\u00b4Angela.jpg\" data-rel=\"lightbox-image-1\" data-rl_title=\"\" data-rl_caption=\"\" title=\"\"><\/a> Castello di Monte Sant\u00b4Angela<\/p>\n<\/div>\n<p><strong>Chiesa Santa Maria Maggiore<\/strong><\/p>\n<p>C\u00edsa\u0159ovna Constancie, man\u017eelka Jind\u0159icha VI. a matka Fridricha II., je pova\u017eov\u00e1na \u2013 podle port\u00e1lu s letopo\u010dtem 1198 \u2013 za zakladatelku rom\u00e1nsk\u00e9ho kostela Chiesa Santa Maria Maggiore, ve kter\u00e9m lze spat\u0159it zbytky fresek ze 13. a 14. stolet\u00ed.<\/p>\n<div id=\"attachment_407524\" class=\"wp-caption aligncenter\">\n<p><a href=\"http:\/\/file.mahalo.cz\/2014\/11\/Chiesa-Santa-Maria-Maggiore.jpg\" data-rel=\"lightbox-image-2\" data-rl_title=\"\" data-rl_caption=\"\" title=\"\"><img decoding=\"async\" class=\"size-large wp-image-407524 lazy-loaded\" src=\"http:\/\/file.mahalo.cz\/2014\/11\/Chiesa-Santa-Maria-Maggiore-1024x779.jpg\" data-lazy-type=\"image\" data-src=\"http:\/\/file.mahalo.cz\/2014\/11\/Chiesa-Santa-Maria-Maggiore-1024x779.jpg\" alt=\"Chiesa Santa Maria Maggiore\" srcset=\"http:\/\/file.mahalo.cz\/2014\/11\/Chiesa-Santa-Maria-Maggiore-789x600.jpg 789w, http:\/\/file.mahalo.cz\/2014\/11\/Chiesa-Santa-Maria-Maggiore-1024x779.jpg 1024w, http:\/\/file.mahalo.cz\/2014\/11\/Chiesa-Santa-Maria-Maggiore-770x585.jpg 770w, http:\/\/file.mahalo.cz\/2014\/11\/Chiesa-Santa-Maria-Maggiore.jpg 1160w\" data-srcset=\"\" sizes=\"(max-width: 980px) 100vw, 980px\" width=\"980\" height=\"746\" \/><\/a><\/p>\n<p class=\"wp-caption-text\"><a href=\"http:\/\/file.mahalo.cz\/2014\/11\/Chiesa-Santa-Maria-Maggiore.jpg\" data-rel=\"lightbox-image-3\" data-rl_title=\"\" data-rl_caption=\"\" title=\"\"><\/a> Chiesa Santa Maria Maggiore<\/p>\n<\/div>\n<p><strong>Santuario di San Michele Arcangelo<\/strong><\/p>\n<p style=\"text-align: justify;\">Osmihrann\u00e1 zvonice kostela archand\u011bla Michaela z 13. stolet\u00ed upozor\u0148uje ji\u017e zdaleka na c\u00edl poutn\u00edk\u016f. Zde se nal\u00e9z\u00e1 \u201ed\u016fm bo\u017e\u00ed a br\u00e1na do nebes\u201c. T\u011bmito slovy v latin\u011b v\u00edt\u00e1 archand\u011bl sv\u00e9 n\u00e1v\u0161t\u011bvn\u00edky p\u0159ed schodi\u0161t\u011bm, j\u00edm\u017e se vch\u00e1z\u00ed do chladn\u00e9 podzemn\u00ed \u0159\u00ed\u0161e.<\/p>\n<div id=\"attachment_407520\" class=\"wp-caption aligncenter\">\n<p><a href=\"http:\/\/file.mahalo.cz\/2014\/11\/Santuario-di-San-Michele-Arcangelo1.jpg\" data-rel=\"lightbox-image-4\" data-rl_title=\"\" data-rl_caption=\"\" title=\"\"><img loading=\"lazy\" decoding=\"async\" class=\"size-large wp-image-407520 lazy-loaded\" src=\"http:\/\/file.mahalo.cz\/2014\/11\/Santuario-di-San-Michele-Arcangelo1-1024x777.jpg\" data-lazy-type=\"image\" data-src=\"http:\/\/file.mahalo.cz\/2014\/11\/Santuario-di-San-Michele-Arcangelo1-1024x777.jpg\" alt=\"Santuario di San Michele Arcangelo\" srcset=\"http:\/\/file.mahalo.cz\/2014\/11\/Santuario-di-San-Michele-Arcangelo1-791x600.jpg 791w, http:\/\/file.mahalo.cz\/2014\/11\/Santuario-di-San-Michele-Arcangelo1-1024x777.jpg 1024w, http:\/\/file.mahalo.cz\/2014\/11\/Santuario-di-San-Michele-Arcangelo1-770x584.jpg 770w, http:\/\/file.mahalo.cz\/2014\/11\/Santuario-di-San-Michele-Arcangelo1.jpg 1165w\" data-srcset=\"\" sizes=\"(max-width: 980px) 100vw, 980px\" width=\"980\" height=\"744\" \/><\/a><\/p>\n<p class=\"wp-caption-text\"><a href=\"http:\/\/file.mahalo.cz\/2014\/11\/Santuario-di-San-Michele-Arcangelo1.jpg\" data-rel=\"lightbox-image-5\" data-rl_title=\"\" data-rl_caption=\"\" title=\"\"><\/a> Santuario di San Michele Arcangelo<\/p>\n<\/div>\n<p style=\"text-align: justify;\">Sestoup\u00edte po 89 schodech a za n\u00e1dhernou bronzovou br\u00e1nou, odlitou v roce 1076 v <a href=\"http:\/\/www.mahalo.cz\/turecko\/destinace-turecka\/istanbul.html\">Konstantinopoli<\/a>, se v\u00e1m otev\u0159e jeskynn\u00ed prostor s \u017eebrovou klenbou, kter\u00fd je naz\u00fdv\u00e1n Santuario di San Michele Arcangelo, tedy <strong>svatyn\u011b archand\u011bla Michaela<\/strong>. V\u00fdstavba svatyn\u011b zapo\u010dala roku 1273 a dohl\u00ed\u017eel na ni Karel I. z Anjou.<\/p>\n<div id=\"attachment_407521\" class=\"wp-caption aligncenter\">\n<p><a href=\"http:\/\/file.mahalo.cz\/2014\/11\/Svatyn\u011b-archand\u011bla-Michaela.jpg\" data-rel=\"lightbox-image-6\" data-rl_title=\"\" data-rl_caption=\"\" title=\"\"><img loading=\"lazy\" decoding=\"async\" class=\"size-large wp-image-407521 lazy-loaded\" src=\"http:\/\/file.mahalo.cz\/2014\/11\/Svatyn\u011b-archand\u011bla-Michaela-1024x321.jpg\" data-lazy-type=\"image\" data-src=\"http:\/\/file.mahalo.cz\/2014\/11\/Svatyn\u011b-archand\u011bla-Michaela-1024x321.jpg\" alt=\"Svatyn\u011b archand\u011bla Michaela\" srcset=\"http:\/\/file.mahalo.cz\/2014\/11\/Svatyn\u011b-archand\u011bla-Michaela-800x251.jpg 800w, http:\/\/file.mahalo.cz\/2014\/11\/Svatyn\u011b-archand\u011bla-Michaela-1024x321.jpg 1024w, http:\/\/file.mahalo.cz\/2014\/11\/Svatyn\u011b-archand\u011bla-Michaela-770x241.jpg 770w, http:\/\/file.mahalo.cz\/2014\/11\/Svatyn\u011b-archand\u011bla-Michaela.jpg 1600w\" data-srcset=\"\" sizes=\"(max-width: 980px) 100vw, 980px\" width=\"980\" height=\"307\" \/><\/a><\/p>\n<p class=\"wp-caption-text\"><a href=\"http:\/\/file.mahalo.cz\/2014\/11\/Svatyn\u011b-archand\u011bla-Michaela.jpg\" data-rel=\"lightbox-image-7\" data-rl_title=\"\" data-rl_caption=\"\" title=\"\"><\/a> Svatyn\u011b archand\u011bla Michaela<\/p>\n<\/div>\n<p>Nach\u00e1z\u00ed se tu Franti\u0161k\u016fv, Mariin a hlavn\u00ed olt\u00e1\u0159. Biskupsk\u00e1 stolice poch\u00e1z\u00ed z 11. stolet\u00ed.<\/p>\n<hr \/>\n<h5><strong>M\u011bsto Peschici<\/strong><\/h5>\n<p>M\u011bste\u010dko Peschici le\u017e\u00ed v N\u00e1rodn\u00edm parku Gargano na stejnojmenn\u00e9m poloostrov\u011b na sk\u00e1le nad Jadersk\u00fdm mo\u0159em. \u017dije zde p\u0159ibli\u017en\u011b 4400 st\u00e1l\u00fdch obyvatel. M\u011bste\u010dko b\u00fdv\u00e1 ozna\u010dov\u00e1no za nejhez\u010d\u00ed m\u011bsto na poloostrov\u011b Gargano v italsk\u00e9m regionu Apulie (Puglia).<\/p>\n<div id=\"attachment_407491\" class=\"wp-caption aligncenter\">\n<p><a href=\"http:\/\/file.mahalo.cz\/2014\/11\/M\u011bsto-Peschici-na-poloostrov\u011b-Gargano.jpg\" data-rel=\"lightbox-image-8\" data-rl_title=\"\" data-rl_caption=\"\" title=\"\"><img loading=\"lazy\" decoding=\"async\" class=\"size-large wp-image-407491 lazy-loaded\" src=\"http:\/\/file.mahalo.cz\/2014\/11\/M\u011bsto-Peschici-na-poloostrov\u011b-Gargano-1024x410.jpg\" data-lazy-type=\"image\" data-src=\"http:\/\/file.mahalo.cz\/2014\/11\/M\u011bsto-Peschici-na-poloostrov\u011b-Gargano-1024x410.jpg\" alt=\"M\u011bsto Peschici na poloostrov\u011b Gargano\" srcset=\"http:\/\/file.mahalo.cz\/2014\/11\/M\u011bsto-Peschici-na-poloostrov\u011b-Gargano-800x320.jpg 800w, http:\/\/file.mahalo.cz\/2014\/11\/M\u011bsto-Peschici-na-poloostrov\u011b-Gargano-1024x410.jpg 1024w, http:\/\/file.mahalo.cz\/2014\/11\/M\u011bsto-Peschici-na-poloostrov\u011b-Gargano-770x308.jpg 770w, http:\/\/file.mahalo.cz\/2014\/11\/M\u011bsto-Peschici-na-poloostrov\u011b-Gargano.jpg 1600w\" data-srcset=\"\" sizes=\"(max-width: 980px) 100vw, 980px\" width=\"980\" height=\"392\" \/><\/a><\/p>\n<p class=\"wp-caption-text\"><a href=\"http:\/\/file.mahalo.cz\/2014\/11\/M\u011bsto-Peschici-na-poloostrov\u011b-Gargano.jpg\" data-rel=\"lightbox-image-9\" data-rl_title=\"\" data-rl_caption=\"\" title=\"\"><\/a> M\u011bsto Peschici na poloostrov\u011b Gargano<\/p>\n<\/div>\n<p>Prvn\u00ed zm\u00ednky o osad\u011b poch\u00e1z\u00ed z 9. stolet\u00ed a \u00fadajn\u011b bylo os\u00eddleno Slovany. Do 11. stolet\u00ed b\u00fdvalo c\u00edlem \u010dast\u00fdch n\u00e1jezd\u016f Sarac\u00e9n\u016f. V roce 1154 zde vl\u00e1dli Norman\u00e9, pozd\u011bji vl\u00e1da p\u0159e\u0161la do rukou Aragonc\u016f. V roce 1567 se za\u010dalo stav\u011bt deset v\u011b\u017e\u00ed kolem pob\u0159e\u017e\u00ed, na obranu proti Turk\u016fm. N\u011bkter\u00e9 z v\u011b\u017e\u00ed stoj\u00ed dodnes \u2013 nap\u0159\u00edklad <strong>Torre di Monte Pucci<\/strong>.<\/p>\n<div id=\"attachment_407492\" class=\"wp-caption aligncenter\">\n<p><a href=\"http:\/\/file.mahalo.cz\/2014\/11\/Peschici1.jpg\" data-rel=\"lightbox-image-10\" data-rl_title=\"\" data-rl_caption=\"\" title=\"\"><img loading=\"lazy\" decoding=\"async\" class=\"size-large wp-image-407492 lazy-loaded\" src=\"http:\/\/file.mahalo.cz\/2014\/11\/Peschici1-1024x545.jpg\" data-lazy-type=\"image\" data-src=\"http:\/\/file.mahalo.cz\/2014\/11\/Peschici1-1024x545.jpg\" alt=\"Peschici\" srcset=\"http:\/\/file.mahalo.cz\/2014\/11\/Peschici1-800x426.jpg 800w, http:\/\/file.mahalo.cz\/2014\/11\/Peschici1-1024x545.jpg 1024w, http:\/\/file.mahalo.cz\/2014\/11\/Peschici1-770x410.jpg 770w, http:\/\/file.mahalo.cz\/2014\/11\/Peschici1.jpg 1600w\" data-srcset=\"\" sizes=\"(max-width: 980px) 100vw, 980px\" width=\"980\" height=\"522\" \/><\/a><\/p>\n<p class=\"wp-caption-text\"><a href=\"http:\/\/file.mahalo.cz\/2014\/11\/Peschici1.jpg\" data-rel=\"lightbox-image-11\" data-rl_title=\"\" data-rl_caption=\"\" title=\"\"><\/a> Peschici<\/p>\n<\/div>\n<h5><strong>Zaj\u00edmavosti Peschici<\/strong><\/h5>\n<p>Star\u00e9 m\u011bsto prot\u00ednaj\u00ed <strong>k\u0159ivolak\u00e9 uli\u010dky<\/strong>, pr\u016fchody, mal\u00e1 n\u00e1m\u011bst\u00ed a b\u00edl\u00e9 domy, typick\u00e9 pro tento region. Z p\u0159\u00edstavu vede do m\u011bsta 246 schod\u016f. Do centra se vstupuje kamennou br\u00e1nou. Najdete zde typick\u00e9 obch\u016fdky s m\u00edstn\u00edmi produkty, suven\u00fdry, kav\u00e1rny a restaurace. Hlavn\u00edm centrem star\u00e9ho m\u011bsta jsou uli\u010dky okolo n\u00e1m\u011bst\u00ed <strong>Piazza del Popolo<\/strong>.<\/p>\n<div id=\"attachment_407493\" class=\"wp-caption aligncenter\">\n<p><a href=\"http:\/\/file.mahalo.cz\/2014\/11\/Piazza-del-Popolo1.jpg\" data-rel=\"lightbox-image-12\" data-rl_title=\"\" data-rl_caption=\"\" title=\"\"><img loading=\"lazy\" decoding=\"async\" class=\"size-large wp-image-407493 lazy-loaded\" src=\"http:\/\/file.mahalo.cz\/2014\/11\/Piazza-del-Popolo1-1024x768.jpg\" data-lazy-type=\"image\" data-src=\"http:\/\/file.mahalo.cz\/2014\/11\/Piazza-del-Popolo1-1024x768.jpg\" alt=\"Piazza del Popolo\" srcset=\"http:\/\/file.mahalo.cz\/2014\/11\/Piazza-del-Popolo1-800x600.jpg 800w, http:\/\/file.mahalo.cz\/2014\/11\/Piazza-del-Popolo1.jpg 1024w, http:\/\/file.mahalo.cz\/2014\/11\/Piazza-del-Popolo1-770x578.jpg 770w\" data-srcset=\"\" sizes=\"(max-width: 980px) 100vw, 980px\" width=\"980\" height=\"735\" \/><\/a><\/p>\n<p class=\"wp-caption-text\"><a href=\"http:\/\/file.mahalo.cz\/2014\/11\/Piazza-del-Popolo1.jpg\" data-rel=\"lightbox-image-13\" data-rl_title=\"\" data-rl_caption=\"\" title=\"\"><\/a> Piazza del Popolo<\/p>\n<\/div>\n<p>Na nejvy\u0161\u0161\u00edm m\u00edst\u011b se nach\u00e1z\u00ed <strong>kostel Sant\u00b4Elia Profeta<\/strong>. Na v\u00fdb\u011b\u017eku nad mo\u0159em se ty\u010d\u00ed <strong>hrad Castello del Recinto Baronale<\/strong> s Museo degli Strumenti di Tortura (Muzeum \u00fatrpn\u00e9ho pr\u00e1va).<\/p>\n<hr \/>\n<h5><strong>M\u011bsto Vieste<\/strong><\/h5>\n<p>V\u00a0l\u00e9t\u011b \u017eiv\u00e9 letovisko poloostrova Gargano, v\u00a0zim\u011b ospal\u00e9 hn\u00edzdo na \u0161pi\u010dce poloostrova. M\u011bste\u010dko Vieste se rozkl\u00e1d\u00e1 na \u00fazk\u00e9 skalnat\u00e9 ostruze a jeho d\u011bjiny sahaj\u00ed a\u017e do 10. stolet\u00ed p\u0159ed na\u0161\u00edm letopo\u010dtem. S\u00a0n\u011bkolika m\u00edstn\u00edmi pam\u011btihodnostmi v\u0161ak budete rychle hotovi, nen\u00ed jich tady toti\u017e ani mnoho a nejsou ani nijak extra v\u00fdznamn\u00e9, tak\u017ee jejich prohl\u00eddka je sp\u00ed\u0161e rychlovka a zvl\u00e1dnete je bez probl\u00e9mu v r\u00e1mci proch\u00e1zky po m\u011bst\u011b.<\/p>\n<div id=\"attachment_407489\" class=\"wp-caption aligncenter\">\n<p><a href=\"http:\/\/file.mahalo.cz\/2015\/12\/Vieste.jpg\" data-rel=\"lightbox-image-14\" data-rl_title=\"\" data-rl_caption=\"\" title=\"\"><img loading=\"lazy\" decoding=\"async\" class=\"size-large wp-image-407489 lazy-loaded\" src=\"http:\/\/file.mahalo.cz\/2015\/12\/Vieste-1024x256.jpg\" data-lazy-type=\"image\" data-src=\"http:\/\/file.mahalo.cz\/2015\/12\/Vieste-1024x256.jpg\" alt=\"Vieste\" srcset=\"http:\/\/file.mahalo.cz\/2015\/12\/Vieste-800x200.jpg 800w, http:\/\/file.mahalo.cz\/2015\/12\/Vieste-1024x256.jpg 1024w, http:\/\/file.mahalo.cz\/2015\/12\/Vieste-770x193.jpg 770w, http:\/\/file.mahalo.cz\/2015\/12\/Vieste.jpg 1600w\" data-srcset=\"\" sizes=\"(max-width: 980px) 100vw, 980px\" width=\"980\" height=\"245\" \/><\/a><\/p>\n<p class=\"wp-caption-text\"><a href=\"http:\/\/file.mahalo.cz\/2015\/12\/Vieste.jpg\" data-rel=\"lightbox-image-15\" data-rl_title=\"\" data-rl_caption=\"\" title=\"\"><\/a> Vieste<\/p>\n<\/div>\n<h5><strong>Zaj\u00edmavosti ve Vieste<\/strong><\/h5>\n<p>Z\u00a0\u0159\u00edmsk\u00e9ho obdob\u00ed poch\u00e1z\u00ed zbytky m\u011bstsk\u00fdch hradeb. V\u00a0centru se mezi v\u00e1pnem ob\u00edlen\u00fdmi domy vyp\u00edn\u00e1 k\u00a0nebi katedr\u00e1la, zalo\u017een\u00e1 v\u00a011.stolet\u00ed a p\u0159estav\u011bn\u00e1 v\u00a019. stolet\u00ed. Fridrich II. tu je\u0161t\u011b zanechal kastel, ale ten se po z\u00e1kladn\u00ed p\u0159estavb\u011b prezentuje jako pevnost z\u00a0konce 16. stolet\u00ed.<\/p>\n<div id=\"attachment_407490\" class=\"wp-caption aligncenter\">\n<p><a href=\"http:\/\/file.mahalo.cz\/2015\/12\/Podve\u010der-ve-Vieste.jpg\" data-rel=\"lightbox-image-16\" data-rl_title=\"\" data-rl_caption=\"\" title=\"\"><img loading=\"lazy\" decoding=\"async\" class=\"size-large wp-image-407490 lazy-loaded\" src=\"http:\/\/file.mahalo.cz\/2015\/12\/Podve\u010der-ve-Vieste-1024x680.jpg\" data-lazy-type=\"image\" data-src=\"http:\/\/file.mahalo.cz\/2015\/12\/Podve\u010der-ve-Vieste-1024x680.jpg\" alt=\"Podve\u010der ve Vieste\" srcset=\"http:\/\/file.mahalo.cz\/2015\/12\/Podve\u010der-ve-Vieste-800x531.jpg 800w, http:\/\/file.mahalo.cz\/2015\/12\/Podve\u010der-ve-Vieste-1024x680.jpg 1024w, http:\/\/file.mahalo.cz\/2015\/12\/Podve\u010der-ve-Vieste-770x511.jpg 770w, http:\/\/file.mahalo.cz\/2015\/12\/Podve\u010der-ve-Vieste.jpg 1200w\" data-srcset=\"\" sizes=\"(max-width: 980px) 100vw, 980px\" width=\"980\" height=\"651\" \/><\/a><\/p>\n<p class=\"wp-caption-text\"><a href=\"http:\/\/file.mahalo.cz\/2015\/12\/Podve\u010der-ve-Vieste.jpg\" data-rel=\"lightbox-image-17\" data-rl_title=\"\" data-rl_caption=\"\" title=\"\"><\/a> Podve\u010der ve Vieste<\/p>\n<\/div>\n<p>Skute\u010dn\u00fd symbol Vieste nestvo\u0159ila ruka \u010dlov\u011bka, ale v\u00edtr a vlny. Jedn\u00e1 se o 20 metr\u016f vysok\u00fd, legendami op\u0159eden\u00fd <strong>skaln\u00ed monolit \u201ePizzomunno\u201c<\/strong>, vystupuj\u00edc\u00ed z\u00a0mo\u0159e ve stejnojmenn\u00e9 z\u00e1toce.<\/p>\n<p><a href=\"http:\/\/file.mahalo.cz\/2015\/12\/Skaln\u00ed-monolit-Pizzomunno.jpg\" data-rel=\"lightbox-image-18\" data-rl_title=\"\" data-rl_caption=\"\" title=\"\"><img loading=\"lazy\" decoding=\"async\" class=\"size-large wp-image-407488 lazy-loaded\" src=\"http:\/\/file.mahalo.cz\/2015\/12\/Skaln\u00ed-monolit-Pizzomunno-1024x584.jpg\" data-lazy-type=\"image\" data-src=\"http:\/\/file.mahalo.cz\/2015\/12\/Skaln\u00ed-monolit-Pizzomunno-1024x584.jpg\" alt=\"Skaln\u00ed monolit Pizzomunno\" srcset=\"http:\/\/file.mahalo.cz\/2015\/12\/Skaln\u00ed-monolit-Pizzomunno-800x457.jpg 800w, http:\/\/file.mahalo.cz\/2015\/12\/Skaln\u00ed-monolit-Pizzomunno-1024x584.jpg 1024w, http:\/\/file.mahalo.cz\/2015\/12\/Skaln\u00ed-monolit-Pizzomunno-770x439.jpg 770w, http:\/\/file.mahalo.cz\/2015\/12\/Skaln\u00ed-monolit-Pizzomunno.jpg 1600w\" data-srcset=\"\" sizes=\"(max-width: 980px) 100vw, 980px\" width=\"980\" height=\"559\" \/><\/a><\/p>\n<p class=\"wp-caption-text\"><a href=\"http:\/\/file.mahalo.cz\/2015\/12\/Skaln\u00ed-monolit-Pizzomunno.jpg\" data-rel=\"lightbox-image-19\" data-rl_title=\"\" data-rl_caption=\"\" title=\"\"><\/a> Skaln\u00ed monolit Pizzomunno<\/p>\n<hr \/>\n<h5><strong>M\u011bsto Manfredonia<\/strong><\/h5>\n<p>M\u011bste\u010dko Manfredonia le\u017e\u00ed na jihu Gargana v\u00a0Mafredonsk\u00e9m z\u00e1livu. M\u011bsto zalo\u017eil v\u00a0roce 1256 Manfred, neman\u017eelsk\u00fd syn Fridricha II., pro uprchl\u00edky ze zem\u011bt\u0159esen\u00edm zcela zni\u010den\u00e9ho Siponta. Podle \u0161achovnicov\u00e9ho p\u016fvodu m\u011bsto nevznikalo \u017eiveln\u011b, ale podle p\u0159esn\u00e9ho pl\u00e1nu.<\/p>\n<div id=\"attachment_407307\" class=\"wp-caption aligncenter\">\n<p><a href=\"http:\/\/file.mahalo.cz\/2014\/11\/Manfredonia1.jpg\" data-rel=\"lightbox-image-20\" data-rl_title=\"\" data-rl_caption=\"\" title=\"\"><img loading=\"lazy\" decoding=\"async\" class=\"size-large wp-image-407307 lazy-loaded\" src=\"http:\/\/file.mahalo.cz\/2014\/11\/Manfredonia1-1024x680.jpg\" data-lazy-type=\"image\" data-src=\"http:\/\/file.mahalo.cz\/2014\/11\/Manfredonia1-1024x680.jpg\" alt=\"Manfredonia\" srcset=\"http:\/\/file.mahalo.cz\/2014\/11\/Manfredonia1-800x532.jpg 800w, http:\/\/file.mahalo.cz\/2014\/11\/Manfredonia1-1024x680.jpg 1024w, http:\/\/file.mahalo.cz\/2014\/11\/Manfredonia1-770x512.jpg 770w, http:\/\/file.mahalo.cz\/2014\/11\/Manfredonia1.jpg 1600w\" data-srcset=\"\" sizes=\"(max-width: 980px) 100vw, 980px\" width=\"980\" height=\"651\" \/><\/a><\/p>\n<p class=\"wp-caption-text\"><a href=\"http:\/\/file.mahalo.cz\/2014\/11\/Manfredonia1.jpg\" data-rel=\"lightbox-image-21\" data-rl_title=\"\" data-rl_caption=\"\" title=\"\"><\/a> Manfredonia<\/p>\n<\/div>\n<p>Z\u00a0doby zalo\u017een\u00ed m\u011bsta se dochovala normansk\u00e1 <strong>pevnost Castello Svevo<\/strong> na \u010dtvercov\u00e9m p\u016fdorysu. V\u00a0roce 1607 k\u00a0n\u00ed \u0160pan\u011bl\u00e9 p\u0159istav\u011bli ba\u0161ty, aby zadr\u017eely tureck\u00e9 dobyvatele. P\u0159esto v\u0161ak Turci roku 1620 m\u011bsto dobyli, zdecimovali m\u00edstn\u00ed obyvatelstvo a v\u011bt\u0161inu m\u011bsta zpusto\u0161ili. Vyp\u00e1lili i gotickou katedr\u00e1lu. Kostel, jen\u017e zde dnes stoj\u00ed, poch\u00e1z\u00ed a\u017e ze 17. stolet\u00ed. Ani kastel nen\u00ed p\u016fvodn\u00ed, byl vybudov\u00e1n v\u00a016. stolet\u00ed.<\/p>\n<div id=\"attachment_407309\" class=\"wp-caption aligncenter\">\n<p><a href=\"http:\/\/file.mahalo.cz\/2014\/11\/Pevnost-Castello-Svevo.jpg\" data-rel=\"lightbox-image-22\" data-rl_title=\"\" data-rl_caption=\"\" title=\"\"><img loading=\"lazy\" decoding=\"async\" class=\"size-large wp-image-407309 lazy-loaded\" src=\"http:\/\/file.mahalo.cz\/2014\/11\/Pevnost-Castello-Svevo-1024x685.jpg\" data-lazy-type=\"image\" data-src=\"http:\/\/file.mahalo.cz\/2014\/11\/Pevnost-Castello-Svevo-1024x685.jpg\" alt=\"Pevnost Castello Svevo\" srcset=\"http:\/\/file.mahalo.cz\/2014\/11\/Pevnost-Castello-Svevo-800x536.jpg 800w, http:\/\/file.mahalo.cz\/2014\/11\/Pevnost-Castello-Svevo-1024x685.jpg 1024w, http:\/\/file.mahalo.cz\/2014\/11\/Pevnost-Castello-Svevo-770x514.jpg 770w, http:\/\/file.mahalo.cz\/2014\/11\/Pevnost-Castello-Svevo.jpg 1600w\" data-srcset=\"\" sizes=\"(max-width: 980px) 100vw, 980px\" width=\"980\" height=\"656\" \/><\/a><\/p>\n<p class=\"wp-caption-text\"><a href=\"http:\/\/file.mahalo.cz\/2014\/11\/Pevnost-Castello-Svevo.jpg\" data-rel=\"lightbox-image-23\" data-rl_title=\"\" data-rl_caption=\"\" title=\"\"><\/a> Pevnost Castello Svevo<\/p>\n<\/div>\n<p>Na konci \u0161edes\u00e1t\u00fdch let 20. stolet\u00ed ob\u011btovala Manfredonia sv\u00e9 rozs\u00e1hl\u00e9 pl\u00e1\u017ee chemick\u00e9mu pr\u016fmyslu, a tak nab\u00eddka pro turisty je <strong>miziv\u00e1<\/strong>. Nedostatek odpov\u00eddaj\u00edc\u00edch hotel\u016f nut\u00ed zvolit k\u00a0p\u0159enocov\u00e1n\u00ed 3 kilometry vzd\u00e1len\u00e9 <strong>Lido di Siponto<\/strong>.<\/p>\n<h5><strong>Zaj\u00edmavosti m\u011bsta Manfredonia<\/strong><\/h5>\n<p><strong>Chiesa Santa Maria Maggiore di Siponto<\/strong><\/p>\n<p>Vyd\u00e1te-li se po st\u00e1tn\u00ed silnici z m\u011bsta Manfredonia sm\u011brem na Foggii, po t\u0159ech kilometrech doraz\u00edte k\u00a0okraji piniov\u00e9ho h\u00e1je, kde stoj\u00ed Chiesa Santa Maria Maggiore di Siponto. Na \u010dlen\u011bn\u00e9m pr\u016f\u010del\u00ed kostela poch\u00e1zej\u00edc\u00edho z\u00a0po\u010d\u00e1tku 12. stolet\u00ed (v roce 1975 byl kostel restaurov\u00e1n) rozpozn\u00e1te <strong>orient\u00e1ln\u00ed vlivy<\/strong>.<\/p>\n<div id=\"attachment_407310\" class=\"wp-caption aligncenter\">\n<p><a href=\"http:\/\/file.mahalo.cz\/2014\/11\/Chiesa-Santa-Maria-Maggiore-di-Siponto1.jpg\" data-rel=\"lightbox-image-24\" data-rl_title=\"\" data-rl_caption=\"\" title=\"\"><img loading=\"lazy\" decoding=\"async\" class=\"size-large wp-image-407310 lazy-loaded\" src=\"http:\/\/file.mahalo.cz\/2014\/11\/Chiesa-Santa-Maria-Maggiore-di-Siponto1-1024x769.jpg\" data-lazy-type=\"image\" data-src=\"http:\/\/file.mahalo.cz\/2014\/11\/Chiesa-Santa-Maria-Maggiore-di-Siponto1-1024x769.jpg\" alt=\"Chiesa Santa Maria Maggiore di Siponto\" srcset=\"http:\/\/file.mahalo.cz\/2014\/11\/Chiesa-Santa-Maria-Maggiore-di-Siponto1-800x600.jpg 800w, http:\/\/file.mahalo.cz\/2014\/11\/Chiesa-Santa-Maria-Maggiore-di-Siponto1-1024x769.jpg 1024w, http:\/\/file.mahalo.cz\/2014\/11\/Chiesa-Santa-Maria-Maggiore-di-Siponto1-770x578.jpg 770w, http:\/\/file.mahalo.cz\/2014\/11\/Chiesa-Santa-Maria-Maggiore-di-Siponto1.jpg 1600w\" data-srcset=\"\" sizes=\"(max-width: 980px) 100vw, 980px\" width=\"980\" height=\"736\" \/><\/a><\/p>\n<p class=\"wp-caption-text\"><a href=\"http:\/\/file.mahalo.cz\/2014\/11\/Chiesa-Santa-Maria-Maggiore-di-Siponto1.jpg\" data-rel=\"lightbox-image-25\" data-rl_title=\"\" data-rl_caption=\"\" title=\"\"><\/a> Chiesa Santa Maria Maggiore di Siponto<\/p>\n<\/div>\n<p>Port\u00e1l, podp\u00edran\u00fd po stran\u00e1ch dv\u011bma lvy, je typick\u00fdm znakem apulijsko-rom\u00e1nsk\u00e9ho slohu. Krom\u011b toho zde najdete poz\u016fstatky ran\u011b k\u0159es\u0165ansk\u00e9 baziliky.<\/p>\n<hr \/>\n<h5><strong>Ostrovy Tremiti<\/strong><\/h5>\n<p>Kdy\u017e v\u00e1s omrz\u00ed cestov\u00e1n\u00ed po sou\u0161i, vydejte se lod\u00ed za pozn\u00e1n\u00edm na 22 kilometr\u016f vzd\u00e1len\u00e9 ostrovy Tremiti. Vyplout m\u016f\u017eete z\u00a0Peschici, Vieste, Rodi Garganico nebo Manfredonie. Pod\u00edv\u00e1te se na dva men\u0161\u00ed, t\u00e9m\u011b\u0159 neobydlen\u00e9 ostrovy a dva v\u011bt\u0161\u00ed , na kter\u00fdch najdete i hotely. Krom\u011b k\u0159i\u0161\u0165\u00e1lov\u011b pr\u016fzra\u010dn\u00e9 vody v\u00e1s mo\u017en\u00e1 p\u0159ekvap\u00ed, \u017ee i zde se nach\u00e1zej\u00ed historick\u00e9 pam\u00e1tky, nap\u0159\u00edklad kostel Santa Marie a Mare na ostrov\u011b San Nicola.<\/p>\n<p><a href=\"http:\/\/slivoni.cz\/wordpress\/2018\/06\/27\/dovolena-italie-2018-zajimave-mista-gargana\/tremitske-ostrovy\/\" rel=\"attachment wp-att-2110\"><img loading=\"lazy\" decoding=\"async\" src=\"http:\/\/slivoni.cz\/wordpress\/wp-content\/uploads\/2018\/06\/Tremitsk\u00e9-ostrovy-1024x481.jpg\" alt=\"\" class=\"aligncenter size-large wp-image-2110\" width=\"750\" height=\"352\" srcset=\"http:\/\/slivoni.cz\/wordpress\/wp-content\/uploads\/2018\/06\/Tremitsk\u00e9-ostrovy-1024x481.jpg 1024w, http:\/\/slivoni.cz\/wordpress\/wp-content\/uploads\/2018\/06\/Tremitsk\u00e9-ostrovy-300x141.jpg 300w, http:\/\/slivoni.cz\/wordpress\/wp-content\/uploads\/2018\/06\/Tremitsk\u00e9-ostrovy-768x361.jpg 768w, http:\/\/slivoni.cz\/wordpress\/wp-content\/uploads\/2018\/06\/Tremitsk\u00e9-ostrovy.jpg 1600w\" sizes=\"(max-width: 750px) 100vw, 750px\" \/><\/a><\/p>\n<hr \/>\n<p><a href=\"http:\/\/slivoni.cz\/wordpress\/2018\/06\/27\/dovolena-italie-2018-zajimave-mista-gargana\/tremitske-ostrovy\/\" rel=\"attachment wp-att-2110\"><\/a><strong>N\u00e1rodn\u00ed park Foresta Umbra<\/strong><\/p>\n<p>V\u00a0oblasti Gargana se od roku 1991 nach\u00e1z\u00ed N\u00e1rodn\u00ed park Foresta Umbra. Park vznikl proto, aby zachr\u00e1nil posledn\u00ed lesy, v\u00a0kter\u00fdch \u017eije \u0159ada divok\u00fdch zv\u00ed\u0159at.<\/p>\n<p><a href=\"http:\/\/slivoni.cz\/wordpress\/2018\/06\/27\/dovolena-italie-2018-zajimave-mista-gargana\/75-gargano-national-park-2\/\" rel=\"attachment wp-att-2111\"><img loading=\"lazy\" decoding=\"async\" src=\"http:\/\/slivoni.cz\/wordpress\/wp-content\/uploads\/2018\/06\/75-gargano-national-park-2.jpg\" alt=\"\" class=\"aligncenter size-full wp-image-2111\" width=\"640\" height=\"320\" srcset=\"http:\/\/slivoni.cz\/wordpress\/wp-content\/uploads\/2018\/06\/75-gargano-national-park-2.jpg 640w, http:\/\/slivoni.cz\/wordpress\/wp-content\/uploads\/2018\/06\/75-gargano-national-park-2-300x150.jpg 300w\" sizes=\"(max-width: 640px) 100vw, 640px\" \/><\/a><\/p>\n<hr \/>\n<h5 class=\"wp-caption alignnone\"><strong>Aquapark<\/strong><\/h5>\n<p>D\u011bti jist\u011b pot\u011b\u0161\u00ed men\u0161\u00ed aquapark Ippocampo pobl\u00ed\u017e Manfredonie. Hlavn\u00edmi atrakcemi jsou t\u0159i tobog\u00e1ny.<\/p>\n<p><a href=\"http:\/\/slivoni.cz\/wordpress\/2018\/06\/27\/dovolena-italie-2018-zajimave-mista-gargana\/acquapark-ippocampo-manfredonia\/\" rel=\"attachment wp-att-2112\"><img loading=\"lazy\" decoding=\"async\" src=\"http:\/\/slivoni.cz\/wordpress\/wp-content\/uploads\/2018\/06\/acquapark-ippocampo-manfredonia.jpg\" alt=\"\" class=\"aligncenter size-full wp-image-2112\" width=\"980\" height=\"470\" srcset=\"http:\/\/slivoni.cz\/wordpress\/wp-content\/uploads\/2018\/06\/acquapark-ippocampo-manfredonia.jpg 980w, http:\/\/slivoni.cz\/wordpress\/wp-content\/uploads\/2018\/06\/acquapark-ippocampo-manfredonia-300x144.jpg 300w, http:\/\/slivoni.cz\/wordpress\/wp-content\/uploads\/2018\/06\/acquapark-ippocampo-manfredonia-768x368.jpg 768w\" sizes=\"(max-width: 980px) 100vw, 980px\" \/><\/a><\/p>\n<h3>Souvisej\u00edc\u00ed obr\u00e1zky:<\/h3>","protected":false},"excerpt":{"rendered":"<p>Monte Sant\u00b4Angelo M\u011bste\u010dko Monte Sant\u00b4Angelo (v p\u0159ekladu \u201eAnd\u011blsk\u00e1 hora\u201c) se 14 tis\u00edci obyvateli se nach\u00e1z\u00ed ve v\u00fd\u0161ce t\u00e9m\u011b\u0159 800 metr\u016f nad mo\u0159em na poloostrov\u011b Gargano v italsk\u00e9m region Apulie (Puglia) a je v\u00fdznamn\u00fdm poutn\u00edm m\u00edstem It\u00e1lie i cel\u00e9 k\u0159es\u0165ansk\u00e9 Evropy. Legendy z 5. stolet\u00ed vypr\u00e1v\u011bj\u00ed o t\u0159ech zjeven\u00edch archand\u011bla Michaela, jen\u017e \u00fadajn\u011b tlumo\u010dil bo\u017e\u00ed p\u0159\u00edkaz, &hellip;<br \/><a href=\"http:\/\/slivoni.cz\/wordpress\/2018\/06\/27\/dovolena-italie-2018-zajimave-mista-gargana\/\" class=\"more-link pen_button pen_element_default pen_icon_arrow_double\">Pokra\u010dovat ve\u00a0\u010dten\u00ed <span class=\"screen-reader-text\">Dovolen\u00e1 It\u00e1lie 2018 &#8211; zaj\u00edmav\u00e1 m\u00edsta Garg\u00e1na<\/span><\/a><\/p>\n","protected":false},"author":1,"featured_media":2103,"comment_status":"closed","ping_status":"closed","sticky":false,"template":"","format":"standard","meta":{"ngg_post_thumbnail":0},"categories":[17],"tags":[],"_links":{"self":[{"href":"http:\/\/slivoni.cz\/wordpress\/wp-json\/wp\/v2\/posts\/2099"}],"collection":[{"href":"http:\/\/slivoni.cz\/wordpress\/wp-json\/wp\/v2\/posts"}],"about":[{"href":"http:\/\/slivoni.cz\/wordpress\/wp-json\/wp\/v2\/types\/post"}],"author":[{"embeddable":true,"href":"http:\/\/slivoni.cz\/wordpress\/wp-json\/wp\/v2\/users\/1"}],"replies":[{"embeddable":true,"href":"http:\/\/slivoni.cz\/wordpress\/wp-json\/wp\/v2\/comments?post=2099"}],"version-history":[{"count":9,"href":"http:\/\/slivoni.cz\/wordpress\/wp-json\/wp\/v2\/posts\/2099\/revisions"}],"predecessor-version":[{"id":2113,"href":"http:\/\/slivoni.cz\/wordpress\/wp-json\/wp\/v2\/posts\/2099\/revisions\/2113"}],"wp:featuredmedia":[{"embeddable":true,"href":"http:\/\/slivoni.cz\/wordpress\/wp-json\/wp\/v2\/media\/2103"}],"wp:attachment":[{"href":"http:\/\/slivoni.cz\/wordpress\/wp-json\/wp\/v2\/media?parent=2099"}],"wp:term":[{"taxonomy":"category","embeddable":true,"href":"http:\/\/slivoni.cz\/wordpress\/wp-json\/wp\/v2\/categories?post=2099"},{"taxonomy":"post_tag","embeddable":true,"href":"http:\/\/slivoni.cz\/wordpress\/wp-json\/wp\/v2\/tags?post=2099"}],"curies":[{"name":"wp","href":"https:\/\/api.w.org\/{rel}","templated":true}]}}