{"id":2329,"date":"2019-01-05T20:49:28","date_gmt":"2019-01-05T19:49:28","guid":{"rendered":"http:\/\/slivoni.cz\/wordpress\/?p=2329"},"modified":"2019-01-30T22:14:35","modified_gmt":"2019-01-30T21:14:35","slug":"vylet-do-beskyd-ropice","status":"publish","type":"post","link":"http:\/\/slivoni.cz\/wordpress\/2019\/01\/05\/vylet-do-beskyd-ropice\/","title":{"rendered":"V\u00fdlet do Beskyd &#8211; Ropice"},"content":{"rendered":"<p style=\"text-align: justify;\">&nbsp;&nbsp; Hned zkraje ledna jsme za\u010dali plnit silvestrovsk\u00e9 p\u0159edsevzet\u00ed, \u017ee budeme v\u00edce chodit do p\u0159\u00edrody ne\u017e sed\u011bt cel\u00e9 v\u00edkendy v&nbsp;hale. A tak prvn\u00ed lednov\u00fd v\u00edkend jsme si vyrazili Radim, Jana a David na t\u00faru do Beskyd. Hned na za\u010d\u00e1tek jsme zavrhli v\u00fdstup na Lysou horu. Posledn\u00ed dobou (co tam vystav\u011bli dv\u011b hospody) lemuj\u00ed stezky davy lid\u00ed. Rozhodov\u00e1n\u00ed, kde vyraz\u00edme ur\u010dil n\u00e1hodn\u00fd dotek prstu na pap\u00edrov\u011b map\u011b Beskyd \u2013 Ropice. Napl\u00e1novali okruh, nasedli do auta a hur\u00e1 za sn\u011bhem. Trasa byla napl\u00e1nov\u00e1na se t\u0159emi pr\u016fchoz\u00edmi body: Mor\u00e1vka 520&nbsp;m&nbsp;n.&nbsp;m. &#8211; Ropice 1083&nbsp;m&nbsp;n.&nbsp;m. \u2013 Ropi\u010dka 918&nbsp;m&nbsp;n.&nbsp;m. \u2013 Kota\u0159 785&nbsp;m&nbsp;n.&nbsp;m. \u2013 Mor\u00e1vka.<\/p>\n<p><a href=\"http:\/\/slivoni.cz\/wordpress\/2019\/01\/05\/vylet-do-beskyd-ropice\/ropice-2\/\" rel=\"attachment wp-att-2374\"><img fetchpriority=\"high\" decoding=\"async\" src=\"http:\/\/slivoni.cz\/wordpress\/wp-content\/uploads\/2019\/01\/ropice-1-1024x623.jpg\" alt=\"\" class=\"aligncenter size-large wp-image-2374\" width=\"750\" height=\"456\" srcset=\"http:\/\/slivoni.cz\/wordpress\/wp-content\/uploads\/2019\/01\/ropice-1-1024x623.jpg 1024w, http:\/\/slivoni.cz\/wordpress\/wp-content\/uploads\/2019\/01\/ropice-1-300x182.jpg 300w, http:\/\/slivoni.cz\/wordpress\/wp-content\/uploads\/2019\/01\/ropice-1-768x467.jpg 768w, http:\/\/slivoni.cz\/wordpress\/wp-content\/uploads\/2019\/01\/ropice-1.jpg 1524w\" sizes=\"(max-width: 750px) 100vw, 750px\" \/><\/a><\/p>\n<p style=\"text-align: justify;\">&nbsp;Cel\u00ed nat\u011b\u0161en\u00ed jsme zastavili na parkovi\u0161ti v&nbsp;Mor\u00e1vce, obuli \u010di\u017emy a za st\u00e1l\u00e9ho chumelen\u00ed jsme vyrazili po \u017elut\u00e9 do hory. \u017dlut\u00e1 b\u00fdv\u00e1 do kopce. A opravdu byla. A\u017e na vrchol Velk\u00fd Lipov\u00fd 999&nbsp;m&nbsp;n.&nbsp;m. jsme stoupali bez jedin\u00e9ho n\u00e1znaku rovinky. Fun\u011bli jsme jako lokomotivy. Cesta nebyla moc pro\u0161l\u00e1pnut\u00e1 a na zemi dobr\u00fdch 70 cm sn\u011bhu. Od vrcholu Ropice do byla kr\u00e1sn\u00e1 h\u0159ebenov\u00e1 t\u00fara. Chyb\u011bli jen v\u00fdhledy do okol\u00ed. Bohu\u017eel sn\u011b\u017een\u00ed nepolevovalo, a tak viditelnost byla mal\u00e1. P\u0159\u00edchod k&nbsp;chat\u011b na Ropi\u010dce bohu\u017eel neznamenalo \u017ee se oh\u0159ejeme a d\u00e1me si n\u011bco tepl\u00e9ho. Chata byla zav\u0159en\u00e1. Tak jsme n\u011bco mal\u00e9ho sluply nastoj\u00e1ka venku. Zat\u00edmco jsme si d\u00e1vali do nosu, tak se z&nbsp;mlhy vyno\u0159il \u201eautobus\u201c polsk\u00fdch turist\u016f. Ti n\u00e1m perfektn\u011b u\u0161lapali cestu do na\u0161eho t\u0159et\u00edho pr\u016fb\u011b\u017en\u00e9ho bodu Na Kota\u0159i. Tam n\u00e1s p\u0159iv\u00edtala tepl\u00e1 chata a skv\u011bl\u00e9 halu\u0161ky se slaninou. Odtud n\u00e1s ji\u017e vedly nohy p\u0159\u00edmo k&nbsp;parkovi\u0161ti, k&nbsp;autu.<\/p>\n<p>&nbsp;&nbsp; Byla to moc p\u011bkn\u00e1 t\u00e9m\u011b\u0159 15 km proch\u00e1zka. Tak zase hur\u00e1 p\u0159\u00ed\u0161t\u011b.<\/p>\nngg_shortcode_0_placeholder\n<h3>Souvisej\u00edc\u00ed obr\u00e1zky:<\/h3>","protected":false},"excerpt":{"rendered":"<p>&nbsp;&nbsp; Hned zkraje ledna jsme za\u010dali plnit silvestrovsk\u00e9 p\u0159edsevzet\u00ed, \u017ee budeme v\u00edce chodit do p\u0159\u00edrody ne\u017e sed\u011bt cel\u00e9 v\u00edkendy v&nbsp;hale. A tak prvn\u00ed lednov\u00fd v\u00edkend jsme si vyrazili Radim, Jana a David na t\u00faru do Beskyd. Hned na za\u010d\u00e1tek jsme zavrhli v\u00fdstup na Lysou horu. Posledn\u00ed dobou (co tam vystav\u011bli dv\u011b hospody) lemuj\u00ed stezky davy &hellip;<br \/><a href=\"http:\/\/slivoni.cz\/wordpress\/2019\/01\/05\/vylet-do-beskyd-ropice\/\" class=\"more-link pen_button pen_element_default pen_icon_arrow_double\">Pokra\u010dovat ve\u00a0\u010dten\u00ed <span class=\"screen-reader-text\">V\u00fdlet do Beskyd &#8211; Ropice<\/span><\/a><\/p>\n","protected":false},"author":1,"featured_media":2423,"comment_status":"closed","ping_status":"closed","sticky":false,"template":"","format":"standard","meta":{"ngg_post_thumbnail":0},"categories":[14],"tags":[],"_links":{"self":[{"href":"http:\/\/slivoni.cz\/wordpress\/wp-json\/wp\/v2\/posts\/2329"}],"collection":[{"href":"http:\/\/slivoni.cz\/wordpress\/wp-json\/wp\/v2\/posts"}],"about":[{"href":"http:\/\/slivoni.cz\/wordpress\/wp-json\/wp\/v2\/types\/post"}],"author":[{"embeddable":true,"href":"http:\/\/slivoni.cz\/wordpress\/wp-json\/wp\/v2\/users\/1"}],"replies":[{"embeddable":true,"href":"http:\/\/slivoni.cz\/wordpress\/wp-json\/wp\/v2\/comments?post=2329"}],"version-history":[{"count":12,"href":"http:\/\/slivoni.cz\/wordpress\/wp-json\/wp\/v2\/posts\/2329\/revisions"}],"predecessor-version":[{"id":2904,"href":"http:\/\/slivoni.cz\/wordpress\/wp-json\/wp\/v2\/posts\/2329\/revisions\/2904"}],"wp:featuredmedia":[{"embeddable":true,"href":"http:\/\/slivoni.cz\/wordpress\/wp-json\/wp\/v2\/media\/2423"}],"wp:attachment":[{"href":"http:\/\/slivoni.cz\/wordpress\/wp-json\/wp\/v2\/media?parent=2329"}],"wp:term":[{"taxonomy":"category","embeddable":true,"href":"http:\/\/slivoni.cz\/wordpress\/wp-json\/wp\/v2\/categories?post=2329"},{"taxonomy":"post_tag","embeddable":true,"href":"http:\/\/slivoni.cz\/wordpress\/wp-json\/wp\/v2\/tags?post=2329"}],"curies":[{"name":"wp","href":"https:\/\/api.w.org\/{rel}","templated":true}]}}