{"id":3109,"date":"2019-03-24T17:47:02","date_gmt":"2019-03-24T15:47:02","guid":{"rendered":"http:\/\/slivoni.cz\/wordpress\/?p=3109"},"modified":"2019-08-02T10:32:40","modified_gmt":"2019-08-02T08:32:40","slug":"oslava-narozenin-na-skalce","status":"publish","type":"post","link":"http:\/\/slivoni.cz\/wordpress\/2019\/03\/24\/oslava-narozenin-na-skalce\/","title":{"rendered":"Oslava narozenin na Skalce"},"content":{"rendered":"<p style=\"text-align: justify;\">&nbsp;&nbsp; Trochu opo\u017ed\u011bn\u011b jsme rozhodli v&nbsp;sobotu 23.3.2019 oslavit narozeniny Honzy a D\u011bdy. Jeliko\u017e p\u0159edpov\u011b\u010f po\u010das\u00ed byla v\u00edce ne\u017e p\u0159\u00edzniv\u00e1, tak jsme narozeniny oslavili na Skalce u Poruby.<\/p>\n<p style=\"text-align: justify;\">&nbsp;&nbsp; Je to ta Skalka na kterou jsem (ta\u0165ka Radim), jako n\u00e1ctilet\u00fd teenager v&nbsp;obdob\u00ed hrub\u00e9ho socialismu jezdil se sv\u00fdmi Artiskami, v\u00e1zan\u00edm G30 a \u0161n\u011brovac\u00edmi botami Tatry na absolutn\u00ed vymo\u017eenost t\u00e9 doby &#8211; um\u011blou sjezdovku. U Horni\u010d\u00e1ku jsme nastoupil na tramvaj sm\u011br smy\u010dka, kde bylo nutn\u00e9 p\u0159estoupit na starou d\u0159ev\u011bnou \u201ebarborkou\u201c \u010d\u00edlo 5 a dojet ke koupali\u0161ti. Pak p\u011b\u0161ky.<\/p>\n<p style=\"text-align: justify;\">&nbsp;&nbsp; Dnes je to celoro\u010dn\u00ed are\u00e1l, kde v zim\u011b Ostrav\u00e1ci ly\u017euj\u00ed a brusl\u00ed. V l\u00e9t\u011b se tady odpo\u010d\u00edv\u00e1 v&nbsp;zoo parku, na sk\u00e1kac\u00edch hradech a trampol\u00edn\u00e1ch nebo jen tak p\u0159i pivku.<\/p>\n<p><a href=\"http:\/\/slivoni.cz\/wordpress\/2019\/03\/24\/oslava-narozenin-na-skalce\/dsc_9885\/\" rel=\"attachment wp-att-3110\"><img fetchpriority=\"high\" decoding=\"async\" class=\"aligncenter size-large wp-image-3110\" src=\"http:\/\/slivoni.cz\/wordpress\/wp-content\/uploads\/2019\/03\/DSC_9885-1024x576.jpg\" alt=\"\" width=\"750\" height=\"422\" srcset=\"http:\/\/slivoni.cz\/wordpress\/wp-content\/uploads\/2019\/03\/DSC_9885-1024x576.jpg 1024w, http:\/\/slivoni.cz\/wordpress\/wp-content\/uploads\/2019\/03\/DSC_9885-300x169.jpg 300w, http:\/\/slivoni.cz\/wordpress\/wp-content\/uploads\/2019\/03\/DSC_9885-768x432.jpg 768w, http:\/\/slivoni.cz\/wordpress\/wp-content\/uploads\/2019\/03\/DSC_9885.jpg 1920w\" sizes=\"(max-width: 750px) 100vw, 750px\" \/><\/a><\/p>\n<p style=\"text-align: justify;\">&nbsp;&nbsp; My jsme si zde objednali st\u016fl a ob\u011bd. Nejd\u0159\u00edve na m\u00edst\u011b srazu byli \u201emlad\u00ed\u201c Sl\u00edvovi v\u010dele s&nbsp;Anetkou, Ad\u00e9lkou, Lenkou a ta\u0165kou Markem. V&nbsp;pat\u00e1ch jim byli trochu \u201estar\u0161\u00ed\u201c Slivoni Jana a Radim. Ti do\u0161li od smy\u010dky p\u011b\u0161ky. Honza s&nbsp;Davidem jeli pro babi\u010dku a d\u011bdu na Dr\u016fbe\u017e\u00ed. Ti p\u0159ijeli a\u017e kdy\u017e jsme s&nbsp;Markem m\u011bli jednu plzni\u010dku v&nbsp;sob\u011b. Pop\u0159\u00e1li jsme oslavenc\u016fm, vybrali si v menu a n\u00e1sledn\u011b tak\u00e9 naplnili b\u0159\u00ed\u0161ka m\u0148amkou. Pak ji\u017e byla voln\u00e1 z\u00e1bava. D\u011bti preferovali trampol\u00edny a j\u00edzdu na koni. My star\u0161\u00ed jsme preferovali pivko a rodinn\u00fd pokec. \u0160koda, \u017ee Anetka byla hranici nemoci, no a p\u0159i dojezdu dom\u016f m\u011bla hore\u010dku 38 st. Ur\u010dit\u011b se brzy uzdrav\u00ed.<\/p>\n<p style=\"text-align: justify;\">&nbsp;&nbsp; Bylo moc pr\u00edma se po del\u0161\u00ed dob\u011b sej\u00edt, popov\u00eddat a nestarat se o kuchy\u0148. Dom\u016f jsme se odporou\u010deli kolem 17 hodiny. My s&nbsp;mamkou vyrazili p\u011b\u0161ky, zbytek jel autem.<\/p>\nngg_shortcode_0_placeholder\n<h3>Souvisej\u00edc\u00ed obr\u00e1zky:<\/h3>","protected":false},"excerpt":{"rendered":"<p>&nbsp;&nbsp; Trochu opo\u017ed\u011bn\u011b jsme rozhodli v&nbsp;sobotu 23.3.2019 oslavit narozeniny Honzy a D\u011bdy. Jeliko\u017e p\u0159edpov\u011b\u010f po\u010das\u00ed byla v\u00edce ne\u017e p\u0159\u00edzniv\u00e1, tak jsme narozeniny oslavili na Skalce u Poruby. &nbsp;&nbsp; Je to ta Skalka na kterou jsem (ta\u0165ka Radim), jako n\u00e1ctilet\u00fd teenager v&nbsp;obdob\u00ed hrub\u00e9ho socialismu jezdil se sv\u00fdmi Artiskami, v\u00e1zan\u00edm G30 a \u0161n\u011brovac\u00edmi botami Tatry na absolutn\u00ed &hellip;<br \/><a href=\"http:\/\/slivoni.cz\/wordpress\/2019\/03\/24\/oslava-narozenin-na-skalce\/\" class=\"more-link pen_button pen_element_default pen_icon_arrow_double\">Pokra\u010dovat ve\u00a0\u010dten\u00ed <span class=\"screen-reader-text\">Oslava narozenin na Skalce<\/span><\/a><\/p>\n","protected":false},"author":1,"featured_media":3500,"comment_status":"closed","ping_status":"closed","sticky":false,"template":"","format":"standard","meta":{"ngg_post_thumbnail":0},"categories":[20],"tags":[],"_links":{"self":[{"href":"http:\/\/slivoni.cz\/wordpress\/wp-json\/wp\/v2\/posts\/3109"}],"collection":[{"href":"http:\/\/slivoni.cz\/wordpress\/wp-json\/wp\/v2\/posts"}],"about":[{"href":"http:\/\/slivoni.cz\/wordpress\/wp-json\/wp\/v2\/types\/post"}],"author":[{"embeddable":true,"href":"http:\/\/slivoni.cz\/wordpress\/wp-json\/wp\/v2\/users\/1"}],"replies":[{"embeddable":true,"href":"http:\/\/slivoni.cz\/wordpress\/wp-json\/wp\/v2\/comments?post=3109"}],"version-history":[{"count":11,"href":"http:\/\/slivoni.cz\/wordpress\/wp-json\/wp\/v2\/posts\/3109\/revisions"}],"predecessor-version":[{"id":3872,"href":"http:\/\/slivoni.cz\/wordpress\/wp-json\/wp\/v2\/posts\/3109\/revisions\/3872"}],"wp:featuredmedia":[{"embeddable":true,"href":"http:\/\/slivoni.cz\/wordpress\/wp-json\/wp\/v2\/media\/3500"}],"wp:attachment":[{"href":"http:\/\/slivoni.cz\/wordpress\/wp-json\/wp\/v2\/media?parent=3109"}],"wp:term":[{"taxonomy":"category","embeddable":true,"href":"http:\/\/slivoni.cz\/wordpress\/wp-json\/wp\/v2\/categories?post=3109"},{"taxonomy":"post_tag","embeddable":true,"href":"http:\/\/slivoni.cz\/wordpress\/wp-json\/wp\/v2\/tags?post=3109"}],"curies":[{"name":"wp","href":"https:\/\/api.w.org\/{rel}","templated":true}]}}