{"id":3402,"date":"2019-05-08T20:55:15","date_gmt":"2019-05-08T18:55:15","guid":{"rendered":"http:\/\/slivoni.cz\/wordpress\/?p=3402"},"modified":"2019-08-02T10:30:14","modified_gmt":"2019-08-02T08:30:14","slug":"cistime-beskydy","status":"publish","type":"post","link":"http:\/\/slivoni.cz\/wordpress\/2019\/05\/08\/cistime-beskydy\/","title":{"rendered":"\u010cist\u00edme Beskydy"},"content":{"rendered":"<p style=\"text-align: justify;\">&nbsp; &nbsp;Na den sv\u00e1tku 8. kv\u011btna jsme se rozhodli zapojit do celorepublikov\u00e9 akce \u010di\u0161t\u011bn\u00ed sv\u00e9ho okol\u00ed od pohozen\u00fdch odpadk\u016f. My si zvolili teritorium \u010di\u0161t\u011bn\u00ed beskydskou oblast Star\u00fdch Hamer v&nbsp;okol\u00ed t\u00e1bora, kter\u00fd jsme p\u0159ed l\u00e9ty provozovali. Hlavn\u00edmi organiz\u00e1tory byli Jarda a Danka Lan\u010dovi. Oba po n\u00e1s p\u0159evzali prapor po\u0159\u00e1d\u00e1n\u00ed d\u011btsk\u00fdch t\u00e1bor\u016f. \u010cekali jsme velkou pohromu, a tak na\u0161e rodinn\u00e1 \u00fa\u010dast byla stoprocentn\u00ed. V&nbsp;Beskydech n\u00e1s p\u0159iv\u00edtalo slun\u00ed\u010dko, ale chladno. &nbsp;<\/p>\n<p><a href=\"http:\/\/slivoni.cz\/wordpress\/2019\/05\/08\/cistime-beskydy\/dsc_0807\/\" rel=\"attachment wp-att-3409\"><img fetchpriority=\"high\" decoding=\"async\" class=\"aligncenter size-large wp-image-3409\" src=\"http:\/\/slivoni.cz\/wordpress\/wp-content\/uploads\/2019\/05\/DSC_0807-1024x576.jpg\" alt=\"\" width=\"750\" height=\"422\" srcset=\"http:\/\/slivoni.cz\/wordpress\/wp-content\/uploads\/2019\/05\/DSC_0807-1024x576.jpg 1024w, http:\/\/slivoni.cz\/wordpress\/wp-content\/uploads\/2019\/05\/DSC_0807-300x169.jpg 300w, http:\/\/slivoni.cz\/wordpress\/wp-content\/uploads\/2019\/05\/DSC_0807-768x432.jpg 768w\" sizes=\"(max-width: 750px) 100vw, 750px\" \/><\/a><\/p>\n<p style=\"text-align: justify;\">Od parkovi\u0161t\u011b, kde jsme vyfasovali rukavice a pytle jsme se v&nbsp;rojnici vydali sm\u011br Skautsk\u00e1 louka, hrani\u010dn\u00ed k\u00e1men a zp\u011bt do m\u00edsta po\u0159\u00e1d\u00e1n\u00ed t\u00e1bora. Tady byla kr\u00e1tk\u00e1 p\u0159est\u00e1vka, a tak jsme s&nbsp;Janou nas\u00e1t trochu t\u00e1borov\u00e9 historie. &nbsp;Posledn\u00ed sm\u011br \u010di\u0161t\u011bn\u00ed bylo od t\u00e1bora k&nbsp;cest\u011b a k&nbsp;parkovi\u0161ti. S&nbsp;v\u00fdsledkem jsme byli spokojen\u00ed. Sedm pln\u00fdch pytl\u016f odpadk\u016f je docela dobr\u00fd po\u010din. Na parkovi\u0161ti jsme se rozd\u011blili. Honza s&nbsp;Katkou odjeli lozit na \u0160tramberk a my se vydali sm\u011br Doro\u0165anka. Tak jsme zam\u00fd\u0161leli poob\u011bdvat. Bohu\u017eel hosp\u016fdka na m\u00fdtince p\u011bkn\u00e1, ale chod\u00ed do ni lidi a tak jsme se j\u00eddla nedo\u010dkali. B\u0159\u00ed\u0161ka jsme si nakonec zaplnili na Ostravici. Unaven\u00ed jsme se se dokodrcali dom\u016f. Byl to p\u0159\u00edjemn\u00fd den.<\/p>\nngg_shortcode_0_placeholder\n<h3>Souvisej\u00edc\u00ed obr\u00e1zky:<\/h3>","protected":false},"excerpt":{"rendered":"<p>&nbsp; &nbsp;Na den sv\u00e1tku 8. kv\u011btna jsme se rozhodli zapojit do celorepublikov\u00e9 akce \u010di\u0161t\u011bn\u00ed sv\u00e9ho okol\u00ed od pohozen\u00fdch odpadk\u016f. My si zvolili teritorium \u010di\u0161t\u011bn\u00ed beskydskou oblast Star\u00fdch Hamer v&nbsp;okol\u00ed t\u00e1bora, kter\u00fd jsme p\u0159ed l\u00e9ty provozovali. Hlavn\u00edmi organiz\u00e1tory byli Jarda a Danka Lan\u010dovi. Oba po n\u00e1s p\u0159evzali prapor po\u0159\u00e1d\u00e1n\u00ed d\u011btsk\u00fdch t\u00e1bor\u016f. \u010cekali jsme velkou pohromu, a &hellip;<br \/><a href=\"http:\/\/slivoni.cz\/wordpress\/2019\/05\/08\/cistime-beskydy\/\" class=\"more-link pen_button pen_element_default pen_icon_arrow_double\">Pokra\u010dovat ve\u00a0\u010dten\u00ed <span class=\"screen-reader-text\">\u010cist\u00edme Beskydy<\/span><\/a><\/p>\n","protected":false},"author":1,"featured_media":3502,"comment_status":"closed","ping_status":"closed","sticky":false,"template":"","format":"standard","meta":{"ngg_post_thumbnail":0},"categories":[14],"tags":[],"_links":{"self":[{"href":"http:\/\/slivoni.cz\/wordpress\/wp-json\/wp\/v2\/posts\/3402"}],"collection":[{"href":"http:\/\/slivoni.cz\/wordpress\/wp-json\/wp\/v2\/posts"}],"about":[{"href":"http:\/\/slivoni.cz\/wordpress\/wp-json\/wp\/v2\/types\/post"}],"author":[{"embeddable":true,"href":"http:\/\/slivoni.cz\/wordpress\/wp-json\/wp\/v2\/users\/1"}],"replies":[{"embeddable":true,"href":"http:\/\/slivoni.cz\/wordpress\/wp-json\/wp\/v2\/comments?post=3402"}],"version-history":[{"count":8,"href":"http:\/\/slivoni.cz\/wordpress\/wp-json\/wp\/v2\/posts\/3402\/revisions"}],"predecessor-version":[{"id":3870,"href":"http:\/\/slivoni.cz\/wordpress\/wp-json\/wp\/v2\/posts\/3402\/revisions\/3870"}],"wp:featuredmedia":[{"embeddable":true,"href":"http:\/\/slivoni.cz\/wordpress\/wp-json\/wp\/v2\/media\/3502"}],"wp:attachment":[{"href":"http:\/\/slivoni.cz\/wordpress\/wp-json\/wp\/v2\/media?parent=3402"}],"wp:term":[{"taxonomy":"category","embeddable":true,"href":"http:\/\/slivoni.cz\/wordpress\/wp-json\/wp\/v2\/categories?post=3402"},{"taxonomy":"post_tag","embeddable":true,"href":"http:\/\/slivoni.cz\/wordpress\/wp-json\/wp\/v2\/tags?post=3402"}],"curies":[{"name":"wp","href":"https:\/\/api.w.org\/{rel}","templated":true}]}}