{"id":5296,"date":"2002-08-29T17:53:02","date_gmt":"2002-08-29T15:53:02","guid":{"rendered":"http:\/\/slivoni.cz\/wordpress\/?p=5296"},"modified":"2020-03-29T18:58:58","modified_gmt":"2020-03-29T16:58:58","slug":"valasi-ve-vysokych-tatrach-8-2002","status":"publish","type":"post","link":"http:\/\/slivoni.cz\/wordpress\/2002\/08\/29\/valasi-ve-vysokych-tatrach-8-2002\/","title":{"rendered":"Vala\u0161i ve Vysok\u00fdch Tatr\u00e1ch 8\/2002"},"content":{"rendered":"\n<p style=\"text-align: justify\">   Tak t\u00e9 je st\u0159edov\u011bk\u00e1 historie. Jednou l\u00e9ta p\u00e1n\u011b v&nbsp;srpnu 2002 vyrazila \u0161irok\u00e1 rodina do Vysok\u00fdch Tater. V\u00fdletu se \u00fa\u010dastnili Sl\u00edvovi, \u0160krabalovi, Andr\u00fdsovi a Li\u0161kovi. Na\u0161e spanil\u00e1 cesta pro Li\u0161kovi skon\u010dila v&nbsp;\u017dilin\u011b, kde nedobrzdili na semaforu a narazili do zbrusu nov\u00e9ho \u0160krabal\u00edkov\u00e9ho opla. Na\u0161t\u011bst\u00ed se nikomu nic nestalo. Pro Li\u0161ky sice v\u00fdlet skon\u010dil odta\u017een\u00edm auta zp\u011bt do \u017delechovic, ale Jirka \u0160krabal byl tvrd\u00fd. Zkontroloval, zda se mu poda\u0159\u00ed zav\u0159\u00edt kufr a prohl\u00e1sil jedeme.<\/p>\n\n\n\n<p style=\"text-align: justify\">&nbsp;&nbsp; Celkem jsme v Tatr\u00e1ch\nokusili t\u0159i p\u011bkn\u00e9 okruhy. Prvn\u00ed den jsme si vyjeli na \u0160trbsk\u00e9 pleso. Tam jsme\nzanechali \u017eelezn\u00e9 mil\u00e1\u010dky a vyrazili sm\u011br Vodop\u00e1d skok \u2013 \u010ceirne pleso \u2013 Bystr\u00e1 l\u00e1vka\n(2.300 m.n.m.) &#8211; Vy\u0161n\u00e9 Wahlenbergovo pleso &#8211; po \u017elut\u00e9 a n\u00e1sledn\u011b \u010derven\u00e9 zp\u00e1tky\nna \u015arbsk\u00e9 pleso. Cestou jsme pro\u017eili \u00fapln\u011b v\u0161echno co m\u016f\u017eete v&nbsp;Tatr\u00e1ch za\u017e\u00edt.\nP\u0159i p\u0159\u00edjezdu sv\u00edtilo slun\u00ed\u010dko, u vodop\u00e1du Skok byla bou\u0159ka s&nbsp;hromy, blesky\na pr\u016ftr\u017e\u00ed de\u0161t\u011b, nad vodop\u00e1dem \u0159et\u011bzy, a v&nbsp;sedle v\u00edtr. Unaven\u00ed ale\nspokojen\u00ed jsme dojeli do ubytov\u00e1n\u00ed.<\/p>\n\n\n\n<p style=\"text-align: justify\">\u00a0\u00a0 Druh\u00fd den jsme vyrazili na tradi\u010dn\u00ed okruh Hrebienok \u2013 Mal\u00e1 Studen\u00e1 dolina \u2013 Prie\u010dne sedlo (2.252 m.n.m.) \u2013 Velk\u00e1 Studen\u00e1 dolina \u2013 Hrebienok. Cesta do Mal\u00e9 Studen\u00e9 doliny byla v\u00a0pohod\u011b. Sice dost lid\u00ed, ale dalo se. P\u0159i p\u0159\u00edchodu na T\u00e9ryho chatu jsme se zhrozili. Trojstup k\u00a0v\u00fddejn\u00edmu ok\u00e9nku v\u00a0prvn\u00edm pat\u0159e budovy vypadal hrozn\u011b. Na\u0161t\u011bst\u00ed jsme pou\u017eili malou protekci s\u00a0chat\u00e1rom Mirom. Ten n\u00e1s zavedl do m\u00edstnosti pro ubytovan\u00e9 a ob\u010derstven\u00ed jsme si donesli p\u0159\u00edmo z\u00a0kuchyn\u011b. Po napojen\u00ed a odpo\u010dinut\u00ed jsme se vydali p\u0159es Prie\u010dne sedlo do Velk\u00e9 studen\u00e9 doliny, kde n\u00e1s \u010dekala dal\u0161\u00ed ob\u010derstvovac\u00ed stanice v\u00a0podob\u011b Zbojnick\u00e9 chaty. Cesta do Prie\u010dneho sedla za\u010dala houstnout u \u0159et\u011bz\u016f do sedla. Na\u0161t\u011bst\u00ed jsme v\u0161e zvl\u00e1dli a spokojen\u011b jsme pro\u0161li Velkou Studenou dolinou. Cesta na Hrebienenok bylo je klopot\u00e1n\u00ed se z\u00a0kamene na k\u00e1men. Cestu k\u00a0autu do Smokovce jsme si zkr\u00e1tili zuba\u010dkou. Den se vyda\u0159il.<\/p>\n\n\n\n<p style=\"text-align: justify\">&nbsp;&nbsp; Posledn\u00ed den v&nbsp;Tatr\u00e1ch\npat\u0159il t\u00fa\u0159e k&nbsp;chat\u011b u Zelen\u00e9ho plesa (Brn\u010d\u00e1lka) a odtud v\u00fdstup na Jah\u0148ac\u00ed\n\u0161t\u00edt (2.229 m.n.m.). Pl\u00e1novan\u00fd itiner\u00e1\u0159 jsme splnili na sto procent. Teda\nv\u0161ichni a\u017e na Pepu, kter\u00fd se odpojil a vyrazil na japonce lanovkou sm\u011br Skalnat\u00e9\npleso a Skalnat\u00fd \u0161t\u00edt. <\/p>\n\n\n\n<p>&nbsp;&nbsp; V\u00fdlet do Tater se a\u017e\nna start vyda\u0159il. <\/p>\n\n\n\n<figure class=\"wp-block-video aligncenter\"><video controls src=\"http:\/\/slivoni.cz\/wordpress\/wp-content\/uploads\/2020\/03\/Vala\u0161i-v-Tatr\u00e1ch-2002.mp4.mp4\"><\/video><\/figure>\n<h3>Souvisej\u00edc\u00ed obr\u00e1zky:<\/h3>","protected":false},"excerpt":{"rendered":"<p>Tak t\u00e9 je st\u0159edov\u011bk\u00e1 historie. Jednou l\u00e9ta p\u00e1n\u011b v&nbsp;srpnu 2002 vyrazila \u0161irok\u00e1 rodina do Vysok\u00fdch Tater. V\u00fdletu se \u00fa\u010dastnili Sl\u00edvovi, \u0160krabalovi, Andr\u00fdsovi a Li\u0161kovi. Na\u0161e spanil\u00e1 cesta pro Li\u0161kovi skon\u010dila v&nbsp;\u017dilin\u011b, kde nedobrzdili na semaforu a narazili do zbrusu nov\u00e9ho \u0160krabal\u00edkov\u00e9ho opla. Na\u0161t\u011bst\u00ed se nikomu nic nestalo. Pro Li\u0161ky sice v\u00fdlet skon\u010dil odta\u017een\u00edm auta zp\u011bt &hellip;<br \/><a href=\"http:\/\/slivoni.cz\/wordpress\/2002\/08\/29\/valasi-ve-vysokych-tatrach-8-2002\/\" class=\"more-link pen_button pen_element_default pen_icon_arrow_double\">Pokra\u010dovat ve\u00a0\u010dten\u00ed <span class=\"screen-reader-text\">Vala\u0161i ve Vysok\u00fdch Tatr\u00e1ch 8\/2002<\/span><\/a><\/p>\n","protected":false},"author":1,"featured_media":5297,"comment_status":"closed","ping_status":"closed","sticky":false,"template":"","format":"standard","meta":{"ngg_post_thumbnail":0},"categories":[20,14],"tags":[],"_links":{"self":[{"href":"http:\/\/slivoni.cz\/wordpress\/wp-json\/wp\/v2\/posts\/5296"}],"collection":[{"href":"http:\/\/slivoni.cz\/wordpress\/wp-json\/wp\/v2\/posts"}],"about":[{"href":"http:\/\/slivoni.cz\/wordpress\/wp-json\/wp\/v2\/types\/post"}],"author":[{"embeddable":true,"href":"http:\/\/slivoni.cz\/wordpress\/wp-json\/wp\/v2\/users\/1"}],"replies":[{"embeddable":true,"href":"http:\/\/slivoni.cz\/wordpress\/wp-json\/wp\/v2\/comments?post=5296"}],"version-history":[{"count":5,"href":"http:\/\/slivoni.cz\/wordpress\/wp-json\/wp\/v2\/posts\/5296\/revisions"}],"predecessor-version":[{"id":5303,"href":"http:\/\/slivoni.cz\/wordpress\/wp-json\/wp\/v2\/posts\/5296\/revisions\/5303"}],"wp:featuredmedia":[{"embeddable":true,"href":"http:\/\/slivoni.cz\/wordpress\/wp-json\/wp\/v2\/media\/5297"}],"wp:attachment":[{"href":"http:\/\/slivoni.cz\/wordpress\/wp-json\/wp\/v2\/media?parent=5296"}],"wp:term":[{"taxonomy":"category","embeddable":true,"href":"http:\/\/slivoni.cz\/wordpress\/wp-json\/wp\/v2\/categories?post=5296"},{"taxonomy":"post_tag","embeddable":true,"href":"http:\/\/slivoni.cz\/wordpress\/wp-json\/wp\/v2\/tags?post=5296"}],"curies":[{"name":"wp","href":"https:\/\/api.w.org\/{rel}","templated":true}]}}