{"id":6663,"date":"2020-08-03T20:17:00","date_gmt":"2020-08-03T18:17:00","guid":{"rendered":"http:\/\/slivoni.cz\/wordpress\/?p=6663"},"modified":"2020-10-17T12:21:34","modified_gmt":"2020-10-17T10:21:34","slug":"uplakany-vylet-kolem-saas-fee","status":"publish","type":"post","link":"http:\/\/slivoni.cz\/wordpress\/2020\/08\/03\/uplakany-vylet-kolem-saas-fee\/","title":{"rendered":"Den 3 &#8211; V\u00fdlet kolem Saas Fee"},"content":{"rendered":"\n<p class=\"has-text-align-justify\">Pond\u011bln\u00ed r\u00e1no n\u00e1s p\u0159iv\u00edtalo zamra\u010den\u011b. Nad cel\u00fdm \u00fadol\u00edm se p\u0159evalovaly \u010dern\u00e9 mraky, ze kter\u00fdch se sn\u00e1\u0161el ne siln\u00fd, ale vytrval\u00fd d\u00e9\u0161\u0165. A tak jsme nem\u011bli kde sp\u011bchat. Po vydatn\u00e9 sn\u00eddani jsme si dali kaf\u00ed\u010dko a p\u0159em\u00fd\u0161leli co v\u00a0takov\u00e9 slot\u011b budeme d\u011blat. Z\u016fstaneme pod pe\u0159inou v\u00a0teple ubytov\u00e1n\u00ed nebo vyraz\u00edme do hor? Na\u0161t\u011bst\u00ed vyhr\u00e1la druh\u00e1 varianta. Kolem des\u00e1t\u00e9 hodiny jsme vyrazili na \u201emal\u00fd\u201c okruh kolem \u00fadol\u00ed Saas Fee. Prvn\u00ed kroky n\u00e1s vedly na lanovku, kter\u00e1 n\u00e1s vyvezla na masiv Hanning do v\u00fd\u0161ky 2.300 m.n.m. Na horn\u00ed stanici lanovky bylo obzvl\u00e1\u0161t\u011b o\u0161kliv\u011b a tak jsme chv\u00edli p\u0159em\u00fd\u0161leli nad n\u00e1v\u0161t\u011bvou m\u00edstn\u00ed restaurace a odjezd lanovkou dol\u016f. <\/p>\n\n\n\n<figure class=\"wp-block-image size-large\"><img fetchpriority=\"high\" decoding=\"async\" width=\"1024\" height=\"576\" src=\"http:\/\/slivoni.cz\/wordpress\/wp-content\/uploads\/2020\/08\/IMG_5242photo-full-1024x576.jpg\" alt=\"\" class=\"wp-image-6669\" srcset=\"http:\/\/slivoni.cz\/wordpress\/wp-content\/uploads\/2020\/08\/IMG_5242photo-full-1024x576.jpg 1024w, http:\/\/slivoni.cz\/wordpress\/wp-content\/uploads\/2020\/08\/IMG_5242photo-full-300x169.jpg 300w, http:\/\/slivoni.cz\/wordpress\/wp-content\/uploads\/2020\/08\/IMG_5242photo-full-768x432.jpg 768w, http:\/\/slivoni.cz\/wordpress\/wp-content\/uploads\/2020\/08\/IMG_5242photo-full-1536x864.jpg 1536w, http:\/\/slivoni.cz\/wordpress\/wp-content\/uploads\/2020\/08\/IMG_5242photo-full-2048x1152.jpg 2048w\" sizes=\"(max-width: 1024px) 100vw, 1024px\" \/><\/figure>\n\n\n\n<p class=\"has-text-align-justify\">   V\u0161echny tyto my\u0161lenky jsem zarazil j\u00e1 a ur\u010dil sm\u011br kudy se vyd\u00e1me. Prvn\u00ed hodinu to vypadalo, \u017ee n\u00e1s d\u00e9\u0161\u0165 a mlha budou prov\u00e1zet cel\u00fd den. Ale kolem dvan\u00e1ct\u00e9 hodiny se mlha za\u010dala zvedat a d\u00e9\u0161\u0165 ust\u00e1vat. My jsme vyrazili od lanovky stezkou, kter\u00e1 se za\u0159ez\u00e1vala do svahu a m\u00ed\u0159ila k\u00a0plesu s\u00a0n\u00e1zvem Gletschersee. Jeliko\u017e jsme p\u0159ev\u00e1\u017en\u011b \u0161li po vrstevnici tak cesta nebyla v\u016fbec n\u00e1ro\u010dn\u00e1. V\u00a0ka\u017ed\u00e9m \u00fadol\u00ed jsme museli p\u0159ekra\u010dovat hu\u010d\u00edc\u00ed horsk\u00e9 potoky. Kdy\u017e jsme se bl\u00ed\u017eili k\u00a0\u00fadol\u00ed, kde se nach\u00e1z\u00ed pleso Gletschersee se cesta zm\u011bnila v\u00a0p\u0159\u00edkr\u00fd sestup. Ten trval a\u017e na hranu \u00fadol\u00ed. Od plesa jsme se za\u010dali vracet do m\u011bsta. Cel\u00e1 tato cesta byla velice p\u011bkn\u00e1, vedla pod vysok\u00fdmi \u0161t\u00edty m\u00edstn\u00edch hor. <\/p>\n\n\n\n<figure class=\"wp-block-image size-large\"><img decoding=\"async\" width=\"1024\" height=\"576\" src=\"http:\/\/slivoni.cz\/wordpress\/wp-content\/uploads\/2020\/08\/IMG_5250photo-full-1024x576.jpg\" alt=\"\" class=\"wp-image-6670\" srcset=\"http:\/\/slivoni.cz\/wordpress\/wp-content\/uploads\/2020\/08\/IMG_5250photo-full-1024x576.jpg 1024w, http:\/\/slivoni.cz\/wordpress\/wp-content\/uploads\/2020\/08\/IMG_5250photo-full-300x169.jpg 300w, http:\/\/slivoni.cz\/wordpress\/wp-content\/uploads\/2020\/08\/IMG_5250photo-full-768x432.jpg 768w, http:\/\/slivoni.cz\/wordpress\/wp-content\/uploads\/2020\/08\/IMG_5250photo-full-1536x864.jpg 1536w, http:\/\/slivoni.cz\/wordpress\/wp-content\/uploads\/2020\/08\/IMG_5250photo-full-2048x1152.jpg 2048w\" sizes=\"(max-width: 1024px) 100vw, 1024px\" \/><\/figure>\n\n\n\n<p class=\"has-text-align-justify\">   M\u011bli jsme je\u0161t\u011b dobr\u00fd \u010das, a tak ve m\u011bst\u011b nased\u00e1me na autobus a vyd\u00e1v\u00e1me se do jin\u00e9ho \u00fadol\u00ed, do m\u011bsta Saas Grund. Tady jsme m\u011bli v\u00a0pl\u00e1nu nav\u0161t\u00edvit ledovec Hochsaas. Cestu na ledovec jsme vzali p\u0159es lanovku, kter\u00e1 kon\u010dila pobl\u00ed\u017e restaurace Hochsaas. To bylo, co jsme tady v\u00a0\u00fadol\u00ed v\u00a0pond\u011bl\u00ed vid\u011bli. Naho\u0159e n\u00e1s p\u0159iv\u00edtala mlha, d\u00e9\u0161\u0165 a siln\u00fd v\u00edtr. Zkusili jsme tomu d\u00e1t \u010das na vylep\u0161en\u00ed v\u00a0restauraci, ale kdy\u017e se k\u00a0rozmaru po\u010das\u00ed p\u0159idal srpnov\u00fd sn\u00edh bylo jasno. Jedeme nejbli\u017e\u0161\u00ed lanovkou dol\u016f. Dole jsme mrzli p\u0159i \u010dek\u00e1n\u00ed na autobus. A \u010dek\u00e1n\u00ed bylo dlouh\u00e9. V\u00a0t\u00e9to \u010d\u00e1sti \u0160v\u00fdcarska toti\u017e rozhodn\u011b nic nev\u00ed po\u0159ekadlu \u201ep\u0159esn\u00fd jako \u0161v\u00fdcarsk\u00e9 hodinky\u201c. Prost\u011b jeden bus nedorazil a druh\u00fd m\u011bl dvacet minut zpo\u017ed\u011bn\u00ed. Nakonec se v\u0161e povedlo a zanedlouho jsme si u\u017e\u00edvali teplou sprchu, such\u00e9 oble\u010den\u00ed a teplou post\u00fdlku. Po ve\u010de\u0159\u00ed jsme zapo\u010dali nel\u00edtostn\u00e9 boje ve stoln\u00edch a karetn\u00edch hr\u00e1ch. Pak je\u0161t\u011b ve\u010dern\u00ed modlitba za \u00fatern\u00ed slun\u00ed\u010dko a hur\u00e1 do hajan.<\/p>\n<h3>Souvisej\u00edc\u00ed obr\u00e1zky:<\/h3>","protected":false},"excerpt":{"rendered":"<p>Pond\u011bln\u00ed r\u00e1no n\u00e1s p\u0159iv\u00edtalo zamra\u010den\u011b. Nad cel\u00fdm \u00fadol\u00edm se p\u0159evalovaly \u010dern\u00e9 mraky, ze kter\u00fdch se sn\u00e1\u0161el ne siln\u00fd, ale vytrval\u00fd d\u00e9\u0161\u0165. A tak jsme nem\u011bli kde sp\u011bchat. Po vydatn\u00e9 sn\u00eddani jsme si dali kaf\u00ed\u010dko a p\u0159em\u00fd\u0161leli co v\u00a0takov\u00e9 slot\u011b budeme d\u011blat. Z\u016fstaneme pod pe\u0159inou v\u00a0teple ubytov\u00e1n\u00ed nebo vyraz\u00edme do hor? Na\u0161t\u011bst\u00ed vyhr\u00e1la druh\u00e1 varianta. Kolem &hellip;<br \/><a href=\"http:\/\/slivoni.cz\/wordpress\/2020\/08\/03\/uplakany-vylet-kolem-saas-fee\/\" class=\"more-link pen_button pen_element_default pen_icon_arrow_double\">Pokra\u010dovat ve\u00a0\u010dten\u00ed <span class=\"screen-reader-text\">Den 3 &#8211; V\u00fdlet kolem Saas Fee<\/span><\/a><\/p>\n","protected":false},"author":1,"featured_media":6667,"comment_status":"closed","ping_status":"closed","sticky":false,"template":"","format":"standard","meta":{"ngg_post_thumbnail":0},"categories":[30,20,14],"tags":[],"_links":{"self":[{"href":"http:\/\/slivoni.cz\/wordpress\/wp-json\/wp\/v2\/posts\/6663"}],"collection":[{"href":"http:\/\/slivoni.cz\/wordpress\/wp-json\/wp\/v2\/posts"}],"about":[{"href":"http:\/\/slivoni.cz\/wordpress\/wp-json\/wp\/v2\/types\/post"}],"author":[{"embeddable":true,"href":"http:\/\/slivoni.cz\/wordpress\/wp-json\/wp\/v2\/users\/1"}],"replies":[{"embeddable":true,"href":"http:\/\/slivoni.cz\/wordpress\/wp-json\/wp\/v2\/comments?post=6663"}],"version-history":[{"count":4,"href":"http:\/\/slivoni.cz\/wordpress\/wp-json\/wp\/v2\/posts\/6663\/revisions"}],"predecessor-version":[{"id":6671,"href":"http:\/\/slivoni.cz\/wordpress\/wp-json\/wp\/v2\/posts\/6663\/revisions\/6671"}],"wp:featuredmedia":[{"embeddable":true,"href":"http:\/\/slivoni.cz\/wordpress\/wp-json\/wp\/v2\/media\/6667"}],"wp:attachment":[{"href":"http:\/\/slivoni.cz\/wordpress\/wp-json\/wp\/v2\/media?parent=6663"}],"wp:term":[{"taxonomy":"category","embeddable":true,"href":"http:\/\/slivoni.cz\/wordpress\/wp-json\/wp\/v2\/categories?post=6663"},{"taxonomy":"post_tag","embeddable":true,"href":"http:\/\/slivoni.cz\/wordpress\/wp-json\/wp\/v2\/tags?post=6663"}],"curies":[{"name":"wp","href":"https:\/\/api.w.org\/{rel}","templated":true}]}}